{"id":3825,"date":"2025-01-13T22:04:11","date_gmt":"2025-01-13T20:04:11","guid":{"rendered":"http:\/\/karabouille.com\/creche\/?p=3825"},"modified":"2025-01-13T22:04:14","modified_gmt":"2025-01-13T20:04:14","slug":"reglement-interieur","status":"publish","type":"post","link":"http:\/\/karabouille.com\/creche\/reglement-interieur\/","title":{"rendered":"R\u00e8glement int\u00e9rieur"},"content":{"rendered":"\n<figure class=\"wp-block-image size-full\"><a href=\"http:\/\/karabouille.com\/creche\/wp-content\/uploads\/2025\/01\/Capture-decran-2025-01-13-205848.png\" rel=\"lightbox[3825]\"><img loading=\"lazy\" decoding=\"async\" width=\"804\" height=\"811\" src=\"http:\/\/karabouille.com\/creche\/wp-content\/uploads\/2025\/01\/Capture-decran-2025-01-13-205848.png\" alt=\"\" class=\"wp-image-3826\" srcset=\"http:\/\/karabouille.com\/creche\/wp-content\/uploads\/2025\/01\/Capture-decran-2025-01-13-205848.png 804w, http:\/\/karabouille.com\/creche\/wp-content\/uploads\/2025\/01\/Capture-decran-2025-01-13-205848-297x300.png 297w, http:\/\/karabouille.com\/creche\/wp-content\/uploads\/2025\/01\/Capture-decran-2025-01-13-205848-150x150.png 150w, http:\/\/karabouille.com\/creche\/wp-content\/uploads\/2025\/01\/Capture-decran-2025-01-13-205848-768x775.png 768w\" sizes=\"auto, (max-width: 804px) 100vw, 804px\" \/><\/a><\/figure>\n\n\n\n\n\n<div data-wp-interactive=\"core\/file\" class=\"wp-block-file\"><object data-wp-bind--hidden=\"!state.hasPdfPreview\" hidden class=\"wp-block-file__embed\" data=\"http:\/\/karabouille.com\/creche\/wp-content\/uploads\/2025\/01\/REGLEMENT-INTERIEUR-DE-LA-VIE-ASSOCIATIVE-KARABOUILLE-vote-le-13-decembre-2024.pdf\" type=\"application\/pdf\" style=\"width:100%;height:600px\" aria-label=\"Contenu embarqu\u00e9 REGLEMENT INTERIEUR DE LA VIE ASSOCIATIVE KARABOUILLE vot\u00e9 le 13 d\u00e9cembre 2024.\"><\/object><a id=\"wp-block-file--media-afa2cd55-bbb9-411c-9279-6ab45222d803\" href=\"http:\/\/karabouille.com\/creche\/wp-content\/uploads\/2025\/01\/REGLEMENT-INTERIEUR-DE-LA-VIE-ASSOCIATIVE-KARABOUILLE-vote-le-13-decembre-2024.pdf\">REGLEMENT INTERIEUR DE LA VIE ASSOCIATIVE KARABOUILLE vot\u00e9 le 13 d\u00e9cembre 2024<\/a><a href=\"http:\/\/karabouille.com\/creche\/wp-content\/uploads\/2025\/01\/REGLEMENT-INTERIEUR-DE-LA-VIE-ASSOCIATIVE-KARABOUILLE-vote-le-13-decembre-2024.pdf\" class=\"wp-block-file__button wp-element-button\" download aria-describedby=\"wp-block-file--media-afa2cd55-bbb9-411c-9279-6ab45222d803\">T\u00e9l\u00e9charger<\/a><\/div>\n","protected":false},"excerpt":{"rendered":"","protected":false},"author":1,"featured_media":0,"comment_status":"closed","ping_status":"closed","sticky":false,"template":"","format":"standard","meta":{"jetpack_post_was_ever_published":false,"_jetpack_newsletter_access":"","_jetpack_dont_email_post_to_subs":false,"_jetpack_newsletter_tier_id":0,"footnotes":"","jetpack_publicize_message":"","jetpack_publicize_feature_enabled":true,"jetpack_social_post_already_shared":true,"jetpack_social_options":{"image_generator_settings":{"template":"highway","enabled":false}}},"categories":[3],"tags":[],"class_list":["post-3825","post","type-post","status-publish","format-standard","hentry","category-actus"],"jetpack_publicize_connections":[],"jetpack_featured_media_url":"","jetpack_shortlink":"https:\/\/wp.me\/p1VzF5-ZH","jetpack_sharing_enabled":true,"_links":{"self":[{"href":"http:\/\/karabouille.com\/creche\/wp-json\/wp\/v2\/posts\/3825","targetHints":{"allow":["GET"]}}],"collection":[{"href":"http:\/\/karabouille.com\/creche\/wp-json\/wp\/v2\/posts"}],"about":[{"href":"http:\/\/karabouille.com\/creche\/wp-json\/wp\/v2\/types\/post"}],"author":[{"embeddable":true,"href":"http:\/\/karabouille.com\/creche\/wp-json\/wp\/v2\/users\/1"}],"replies":[{"embeddable":true,"href":"http:\/\/karabouille.com\/creche\/wp-json\/wp\/v2\/comments?post=3825"}],"version-history":[{"count":1,"href":"http:\/\/karabouille.com\/creche\/wp-json\/wp\/v2\/posts\/3825\/revisions"}],"predecessor-version":[{"id":3828,"href":"http:\/\/karabouille.com\/creche\/wp-json\/wp\/v2\/posts\/3825\/revisions\/3828"}],"wp:attachment":[{"href":"http:\/\/karabouille.com\/creche\/wp-json\/wp\/v2\/media?parent=3825"}],"wp:term":[{"taxonomy":"category","embeddable":true,"href":"http:\/\/karabouille.com\/creche\/wp-json\/wp\/v2\/categories?post=3825"},{"taxonomy":"post_tag","embeddable":true,"href":"http:\/\/karabouille.com\/creche\/wp-json\/wp\/v2\/tags?post=3825"}],"curies":[{"name":"wp","href":"https:\/\/api.w.org\/{rel}","templated":true}]}}