{"id":3652,"date":"2023-11-04T18:37:25","date_gmt":"2023-11-04T16:37:25","guid":{"rendered":"http:\/\/karabouille.com\/creche\/?p=3652"},"modified":"2023-11-04T18:37:30","modified_gmt":"2023-11-04T16:37:30","slug":"rencontre-avec-dr-hicquel-nicolas-jeudi-23-novembre-2023-a-19h30","status":"publish","type":"post","link":"http:\/\/karabouille.com\/creche\/rencontre-avec-dr-hicquel-nicolas-jeudi-23-novembre-2023-a-19h30\/","title":{"rendered":"rencontre avec Dr Hicquel Nicolas, jeudi 23 novembre 2023 \u00e0 19h30."},"content":{"rendered":"\n<p>Une rencontre avec le m\u00e9decin r\u00e9f\u00e9rent de la cr\u00e8che: Dr Hicquel Nicolas, va avoir lieu le&nbsp;<strong>jeudi 23 novembre 2023 de 19h30 \u00e0 20h30<\/strong>.&nbsp;<\/p>\n\n\n\n<p>C\u2019est le moment&nbsp;<strong>d\u2019envoyer par mail ou d\u2019\u00e9crire sur papier libre<\/strong>&nbsp;(\u00e0 d\u00e9poser dans la bo\u00eete \u00e0 question \u00e0 l\u2019entr\u00e9e de Pic&amp;Pic),&nbsp;<strong>vos interrogations ou les th\u00e9matiques<\/strong>&nbsp;que vous souhaiteriez aborder au sujet de la sant\u00e9 de votre enfant.&nbsp;<\/p>\n\n\n\n<p>Voici d\u00e9j\u00e0 quelques th\u00e9matiques (qui font partie du quotidien cr\u00e8che et\/ou maison) que nous aborderons lors de cette rencontre&nbsp;:<\/p>\n\n\n\n<p>&#8211; Les traitements (antibiotiques, Ventoline, PAI\u2026)&nbsp;<\/p>\n\n\n\n<p>&#8211; Le Doliprane (protocole en cas d\u2019hypothermie)<\/p>\n\n\n\n<p>&#8211; La gastro (d\u00e9shydratation, rep\u00e9rer les diff\u00e9rents signes)&nbsp;<\/p>\n\n\n\n<p>&#8211; Les diff\u00e9rentes maladies infantiles (varicelle, rougeole,\u2026)&nbsp;<\/p>\n\n\n\n<p>Cette rencontre permettra de r\u00e9pondre \u00e0 vos questions, de vous informer, de vous rassurer mais aussi de pouvoir rep\u00e9rer les signes d\u2019alertes.&nbsp;<\/p>\n\n\n\n<p>Merci pour votre participation, nous attendons vos retours (avant le lundi 13 novembre) afin de transmettre vos questions au Dr Hicquel le plus rapidement possible.&nbsp;<\/p>\n\n\n\n<p>Bien cordialement,  M\u00e9lodie (auxiliaire de pu\u00e9riculture) sur le groupe des b\u00e9b\u00e9s \u00a0et Natacha (directrice)\u00a0 <\/p>\n\n\n\n<p><\/p>\n","protected":false},"excerpt":{"rendered":"<p>Une rencontre avec le m\u00e9decin r\u00e9f\u00e9rent de la cr\u00e8che: Dr Hicquel Nicolas, va avoir lieu le&nbsp;jeudi 23 novembre 2023 de 19h30 \u00e0 20h30.&nbsp; C\u2019est le moment&nbsp;d\u2019envoyer par mail ou d\u2019\u00e9crire sur papier libre&nbsp;(\u00e0 d\u00e9poser dans la bo\u00eete \u00e0 question \u00e0 l\u2019entr\u00e9e de Pic&amp;Pic),&nbsp;vos interrogations ou les th\u00e9matiques&nbsp;que vous souhaiteriez aborder au sujet de la sant\u00e9 [&hellip;]<\/p>\n","protected":false},"author":1,"featured_media":0,"comment_status":"closed","ping_status":"closed","sticky":false,"template":"","format":"standard","meta":{"jetpack_post_was_ever_published":false,"_jetpack_newsletter_access":"","_jetpack_dont_email_post_to_subs":false,"_jetpack_newsletter_tier_id":0,"footnotes":"","jetpack_publicize_message":"","jetpack_publicize_feature_enabled":true,"jetpack_social_post_already_shared":true,"jetpack_social_options":{"image_generator_settings":{"template":"highway","enabled":false}}},"categories":[3],"tags":[],"class_list":["post-3652","post","type-post","status-publish","format-standard","hentry","category-actus"],"jetpack_publicize_connections":[],"jetpack_featured_media_url":"","jetpack_shortlink":"https:\/\/wp.me\/p1VzF5-WU","jetpack_sharing_enabled":true,"_links":{"self":[{"href":"http:\/\/karabouille.com\/creche\/wp-json\/wp\/v2\/posts\/3652","targetHints":{"allow":["GET"]}}],"collection":[{"href":"http:\/\/karabouille.com\/creche\/wp-json\/wp\/v2\/posts"}],"about":[{"href":"http:\/\/karabouille.com\/creche\/wp-json\/wp\/v2\/types\/post"}],"author":[{"embeddable":true,"href":"http:\/\/karabouille.com\/creche\/wp-json\/wp\/v2\/users\/1"}],"replies":[{"embeddable":true,"href":"http:\/\/karabouille.com\/creche\/wp-json\/wp\/v2\/comments?post=3652"}],"version-history":[{"count":1,"href":"http:\/\/karabouille.com\/creche\/wp-json\/wp\/v2\/posts\/3652\/revisions"}],"predecessor-version":[{"id":3653,"href":"http:\/\/karabouille.com\/creche\/wp-json\/wp\/v2\/posts\/3652\/revisions\/3653"}],"wp:attachment":[{"href":"http:\/\/karabouille.com\/creche\/wp-json\/wp\/v2\/media?parent=3652"}],"wp:term":[{"taxonomy":"category","embeddable":true,"href":"http:\/\/karabouille.com\/creche\/wp-json\/wp\/v2\/categories?post=3652"},{"taxonomy":"post_tag","embeddable":true,"href":"http:\/\/karabouille.com\/creche\/wp-json\/wp\/v2\/tags?post=3652"}],"curies":[{"name":"wp","href":"https:\/\/api.w.org\/{rel}","templated":true}]}}