{"id":3635,"date":"2023-10-22T11:15:33","date_gmt":"2023-10-22T09:15:33","guid":{"rendered":"http:\/\/karabouille.com\/creche\/?p=3635"},"modified":"2023-10-22T11:15:39","modified_gmt":"2023-10-22T09:15:39","slug":"vente-de-chocolats-de-noel","status":"publish","type":"post","link":"http:\/\/karabouille.com\/creche\/vente-de-chocolats-de-noel\/","title":{"rendered":"Vente de chocolats de No\u00ebl"},"content":{"rendered":"\n<p><strong>Notre commission \u00e9v\u00e9nement nous organise une vente de chocolats de No\u00ebl, en partenariat avec Chocolat de Neuville.&nbsp;<\/strong><\/p>\n\n\n\n<p><strong>N&rsquo;h\u00e9sitez pas \u00e0 passer commandes et en faire profiter vos proches. Une partie des b\u00e9n\u00e9fices reviendra \u00e0 l&rsquo;association et nous permettra de faire des achats de mat\u00e9riels et\/ou organiser des animations pour nos enfants.&nbsp;<\/strong><\/p>\n\n\n\n<p><strong>Merci \u00e0 tous<\/strong><\/p>\n\n\n\n<figure class=\"wp-block-image\"><img loading=\"lazy\" decoding=\"async\" width=\"1024\" height=\"768\" src=\"http:\/\/karabouille.com\/creche\/wp-content\/uploads\/2023\/10\/IMG_20231019_155325_edit_563630369300972-1024x768.jpg\" alt=\"\" class=\"wp-image-3636\" srcset=\"http:\/\/karabouille.com\/creche\/wp-content\/uploads\/2023\/10\/IMG_20231019_155325_edit_563630369300972-1024x768.jpg 1024w, http:\/\/karabouille.com\/creche\/wp-content\/uploads\/2023\/10\/IMG_20231019_155325_edit_563630369300972-300x225.jpg 300w, http:\/\/karabouille.com\/creche\/wp-content\/uploads\/2023\/10\/IMG_20231019_155325_edit_563630369300972-768x576.jpg 768w\" sizes=\"auto, (max-width: 1024px) 100vw, 1024px\" \/><\/figure>\n","protected":false},"excerpt":{"rendered":"<p>Notre commission \u00e9v\u00e9nement nous organise une vente de chocolats de No\u00ebl, en partenariat avec Chocolat de Neuville.&nbsp; N&rsquo;h\u00e9sitez pas \u00e0 passer commandes et en faire profiter vos proches. Une partie des b\u00e9n\u00e9fices reviendra \u00e0 l&rsquo;association et nous permettra de faire des achats de mat\u00e9riels et\/ou organiser des animations pour nos enfants.&nbsp; Merci \u00e0 tous<\/p>\n","protected":false},"author":1,"featured_media":0,"comment_status":"closed","ping_status":"closed","sticky":false,"template":"","format":"standard","meta":{"jetpack_post_was_ever_published":false,"_jetpack_newsletter_access":"","_jetpack_dont_email_post_to_subs":false,"_jetpack_newsletter_tier_id":0,"footnotes":"","jetpack_publicize_message":"","jetpack_publicize_feature_enabled":true,"jetpack_social_post_already_shared":true,"jetpack_social_options":{"image_generator_settings":{"template":"highway","enabled":false}}},"categories":[3],"tags":[],"class_list":["post-3635","post","type-post","status-publish","format-standard","hentry","category-actus"],"jetpack_publicize_connections":[],"jetpack_featured_media_url":"","jetpack_shortlink":"https:\/\/wp.me\/p1VzF5-WD","jetpack_sharing_enabled":true,"_links":{"self":[{"href":"http:\/\/karabouille.com\/creche\/wp-json\/wp\/v2\/posts\/3635","targetHints":{"allow":["GET"]}}],"collection":[{"href":"http:\/\/karabouille.com\/creche\/wp-json\/wp\/v2\/posts"}],"about":[{"href":"http:\/\/karabouille.com\/creche\/wp-json\/wp\/v2\/types\/post"}],"author":[{"embeddable":true,"href":"http:\/\/karabouille.com\/creche\/wp-json\/wp\/v2\/users\/1"}],"replies":[{"embeddable":true,"href":"http:\/\/karabouille.com\/creche\/wp-json\/wp\/v2\/comments?post=3635"}],"version-history":[{"count":1,"href":"http:\/\/karabouille.com\/creche\/wp-json\/wp\/v2\/posts\/3635\/revisions"}],"predecessor-version":[{"id":3637,"href":"http:\/\/karabouille.com\/creche\/wp-json\/wp\/v2\/posts\/3635\/revisions\/3637"}],"wp:attachment":[{"href":"http:\/\/karabouille.com\/creche\/wp-json\/wp\/v2\/media?parent=3635"}],"wp:term":[{"taxonomy":"category","embeddable":true,"href":"http:\/\/karabouille.com\/creche\/wp-json\/wp\/v2\/categories?post=3635"},{"taxonomy":"post_tag","embeddable":true,"href":"http:\/\/karabouille.com\/creche\/wp-json\/wp\/v2\/tags?post=3635"}],"curies":[{"name":"wp","href":"https:\/\/api.w.org\/{rel}","templated":true}]}}