{"id":3316,"date":"2021-04-28T22:09:36","date_gmt":"2021-04-28T20:09:36","guid":{"rendered":"http:\/\/karabouille.com\/creche\/?p=3316"},"modified":"2021-05-25T20:26:41","modified_gmt":"2021-05-25T18:26:41","slug":"les-menus-du-mois-de-mai","status":"publish","type":"post","link":"http:\/\/karabouille.com\/creche\/les-menus-du-mois-de-mai\/","title":{"rendered":"Les menus du mois de Mai"},"content":{"rendered":"\n<h2 class=\"wp-block-heading\">Menus de la semaine du 24 au 28 Mai 2021<\/h2>\n\n\n\n<div class=\"wp-block-file\"><a href=\"http:\/\/karabouille.com\/creche\/wp-content\/uploads\/2021\/05\/sem-21-BMI.pdf\">T\u00e9l\u00e9charger le menu des b\u00e9b\u00e9s et des moyens <\/a><a href=\"http:\/\/karabouille.com\/creche\/wp-content\/uploads\/2021\/05\/sem-21-BMI.pdf\" class=\"wp-block-file__button\" download>T\u00e9l\u00e9charger<\/a><\/div>\n\n\n\n<div class=\"wp-block-file\"><a href=\"http:\/\/karabouille.com\/creche\/wp-content\/uploads\/2021\/05\/Sem-21-G.pdf\">T\u00e9l\u00e9charger le menu des grands <\/a><a href=\"http:\/\/karabouille.com\/creche\/wp-content\/uploads\/2021\/05\/Sem-21-G.pdf\" class=\"wp-block-file__button\" download>T\u00e9l\u00e9charger<\/a><\/div>\n\n\n\n<h2 class=\"wp-block-heading\">Menus de la semaine du 17 au 21 Mai 2021<\/h2>\n\n\n\n<div class=\"wp-block-file\"><a href=\"http:\/\/karabouille.com\/creche\/wp-content\/uploads\/2021\/05\/sem-20-BM.pdf\">T\u00e9l\u00e9charger le menu des b\u00e9b\u00e9s et des moyens<\/a><a href=\"http:\/\/karabouille.com\/creche\/wp-content\/uploads\/2021\/05\/sem-20-BM.pdf\" class=\"wp-block-file__button\" download>T\u00e9l\u00e9charger<\/a><\/div>\n\n\n\n<div class=\"wp-block-file\"><a href=\"http:\/\/karabouille.com\/creche\/wp-content\/uploads\/2021\/05\/sem-20-G.pdf\">T\u00e9l\u00e9charger le menu des grands<\/a><a href=\"http:\/\/karabouille.com\/creche\/wp-content\/uploads\/2021\/05\/sem-20-G.pdf\" class=\"wp-block-file__button\" download>T\u00e9l\u00e9charger<\/a><\/div>\n\n\n\n<h2 class=\"wp-block-heading\">Menus de la semaine du 10 au 14 Mai 2021<\/h2>\n\n\n\n<div class=\"wp-block-file\"><a href=\"http:\/\/karabouille.com\/creche\/wp-content\/uploads\/2021\/05\/sem-19-BM.pdf\">T\u00e9l\u00e9charger le menu des b\u00e9b\u00e9s et des moyens<\/a><a href=\"http:\/\/karabouille.com\/creche\/wp-content\/uploads\/2021\/05\/sem-19-BM.pdf\" class=\"wp-block-file__button\" download>T\u00e9l\u00e9charger<\/a><\/div>\n\n\n\n<div class=\"wp-block-file\"><a href=\"http:\/\/karabouille.com\/creche\/wp-content\/uploads\/2021\/05\/sem-19-G.pdf\">T\u00e9l\u00e9charger le menu des grands<\/a><a href=\"http:\/\/karabouille.com\/creche\/wp-content\/uploads\/2021\/05\/sem-19-G.pdf\" class=\"wp-block-file__button\" download>T\u00e9l\u00e9charger<\/a><\/div>\n\n\n\n<h2 class=\"wp-block-heading\">Menus de la semaine du 03 au 07 Mai 2021<\/h2>\n\n\n\n<div class=\"wp-block-file\"><a href=\"http:\/\/karabouille.com\/creche\/wp-content\/uploads\/2021\/04\/sem-18-BM.pdf\">T\u00e9l\u00e9charger le menu des b\u00e9b\u00e9s et des moyens<\/a><a href=\"http:\/\/karabouille.com\/creche\/wp-content\/uploads\/2021\/04\/sem-18-BM.pdf\" class=\"wp-block-file__button\" download>T\u00e9l\u00e9charger<\/a><\/div>\n\n\n\n<div class=\"wp-block-file\"><a href=\"http:\/\/karabouille.com\/creche\/wp-content\/uploads\/2021\/04\/sem-18-G.pdf\">T\u00e9l\u00e9charger le menu des grands<\/a><a href=\"http:\/\/karabouille.com\/creche\/wp-content\/uploads\/2021\/04\/sem-18-G.pdf\" class=\"wp-block-file__button\" download>T\u00e9l\u00e9charger<\/a><\/div>\n\n\n\n<h2 class=\"wp-block-heading\">Menus PAI Mai<\/h2>\n\n\n\n<div class=\"wp-block-file\"><a href=\"http:\/\/karabouille.com\/creche\/wp-content\/uploads\/2021\/04\/PAI-CRECHES-MAI-SANS-VIANDE-NI-POISSON.pdf\">Menus sans viandes sans poisson<\/a><a href=\"http:\/\/karabouille.com\/creche\/wp-content\/uploads\/2021\/04\/PAI-CRECHES-MAI-SANS-VIANDE-NI-POISSON.pdf\" class=\"wp-block-file__button\" download>T\u00e9l\u00e9charger<\/a><\/div>\n\n\n\n<div class=\"wp-block-file\"><a href=\"http:\/\/karabouille.com\/creche\/wp-content\/uploads\/2021\/04\/PAI-CRECHES-MAI-SANS-GLUTEN.pdf\">Menus sans gluten<\/a><a href=\"http:\/\/karabouille.com\/creche\/wp-content\/uploads\/2021\/04\/PAI-CRECHES-MAI-SANS-GLUTEN.pdf\" class=\"wp-block-file__button\" download>T\u00e9l\u00e9charger<\/a><\/div>\n\n\n\n<div class=\"wp-block-file\"><a href=\"http:\/\/karabouille.com\/creche\/wp-content\/uploads\/2021\/04\/PAI-CRECHES-MAI-SANS-LAIT-.pdf\">Menus sans lait<\/a><a href=\"http:\/\/karabouille.com\/creche\/wp-content\/uploads\/2021\/04\/PAI-CRECHES-MAI-SANS-LAIT-.pdf\" class=\"wp-block-file__button\" download>T\u00e9l\u00e9charger<\/a><\/div>\n\n\n\n<figure class=\"wp-block-image\"><img loading=\"lazy\" decoding=\"async\" width=\"1024\" height=\"576\" src=\"http:\/\/karabouille.com\/creche\/wp-content\/uploads\/2021\/04\/Mai-1024x576.png\" alt=\"\" class=\"wp-image-3317\" srcset=\"http:\/\/karabouille.com\/creche\/wp-content\/uploads\/2021\/04\/Mai-1024x576.png 1024w, http:\/\/karabouille.com\/creche\/wp-content\/uploads\/2021\/04\/Mai-300x169.png 300w, http:\/\/karabouille.com\/creche\/wp-content\/uploads\/2021\/04\/Mai-768x432.png 768w, http:\/\/karabouille.com\/creche\/wp-content\/uploads\/2021\/04\/Mai.png 1170w\" sizes=\"auto, (max-width: 1024px) 100vw, 1024px\" \/><\/figure>\n","protected":false},"excerpt":{"rendered":"<p>Menus de la semaine du 24 au 28 Mai 2021 Menus de la semaine du 17 au 21 Mai 2021 Menus de la semaine du 10 au 14 Mai 2021 Menus de la semaine du 03 au 07 Mai 2021 Menus PAI Mai<\/p>\n","protected":false},"author":1,"featured_media":0,"comment_status":"closed","ping_status":"closed","sticky":false,"template":"","format":"standard","meta":{"jetpack_post_was_ever_published":false,"_jetpack_newsletter_access":"","_jetpack_dont_email_post_to_subs":false,"_jetpack_newsletter_tier_id":0,"footnotes":"","jetpack_publicize_message":"","jetpack_publicize_feature_enabled":true,"jetpack_social_post_already_shared":true,"jetpack_social_options":{"image_generator_settings":{"template":"highway","enabled":false}}},"categories":[3],"tags":[],"class_list":["post-3316","post","type-post","status-publish","format-standard","hentry","category-actus"],"jetpack_publicize_connections":[],"jetpack_featured_media_url":"","jetpack_shortlink":"https:\/\/wp.me\/p1VzF5-Ru","jetpack_sharing_enabled":true,"_links":{"self":[{"href":"http:\/\/karabouille.com\/creche\/wp-json\/wp\/v2\/posts\/3316","targetHints":{"allow":["GET"]}}],"collection":[{"href":"http:\/\/karabouille.com\/creche\/wp-json\/wp\/v2\/posts"}],"about":[{"href":"http:\/\/karabouille.com\/creche\/wp-json\/wp\/v2\/types\/post"}],"author":[{"embeddable":true,"href":"http:\/\/karabouille.com\/creche\/wp-json\/wp\/v2\/users\/1"}],"replies":[{"embeddable":true,"href":"http:\/\/karabouille.com\/creche\/wp-json\/wp\/v2\/comments?post=3316"}],"version-history":[{"count":5,"href":"http:\/\/karabouille.com\/creche\/wp-json\/wp\/v2\/posts\/3316\/revisions"}],"predecessor-version":[{"id":3334,"href":"http:\/\/karabouille.com\/creche\/wp-json\/wp\/v2\/posts\/3316\/revisions\/3334"}],"wp:attachment":[{"href":"http:\/\/karabouille.com\/creche\/wp-json\/wp\/v2\/media?parent=3316"}],"wp:term":[{"taxonomy":"category","embeddable":true,"href":"http:\/\/karabouille.com\/creche\/wp-json\/wp\/v2\/categories?post=3316"},{"taxonomy":"post_tag","embeddable":true,"href":"http:\/\/karabouille.com\/creche\/wp-json\/wp\/v2\/tags?post=3316"}],"curies":[{"name":"wp","href":"https:\/\/api.w.org\/{rel}","templated":true}]}}