{"id":3289,"date":"2021-03-01T20:34:59","date_gmt":"2021-03-01T18:34:59","guid":{"rendered":"http:\/\/karabouille.com\/creche\/?p=3289"},"modified":"2021-04-28T21:58:25","modified_gmt":"2021-04-28T19:58:25","slug":"les-menus-du-mois-de-mars","status":"publish","type":"post","link":"http:\/\/karabouille.com\/creche\/les-menus-du-mois-de-mars\/","title":{"rendered":"Les menus du mois de Mars \/ Avril"},"content":{"rendered":"\n<h2 class=\"wp-block-heading\">Menus de la semaine du 26 au 30 avril 2021<\/h2>\n\n\n\n<div class=\"wp-block-file\"><a href=\"http:\/\/karabouille.com\/creche\/wp-content\/uploads\/2021\/04\/Menu-B-et-M-sem-17.pdf\">T\u00e9l\u00e9charger le menu des b\u00e9b\u00e9s et des moyens<\/a><a href=\"http:\/\/karabouille.com\/creche\/wp-content\/uploads\/2021\/04\/Menu-B-et-M-sem-17.pdf\" class=\"wp-block-file__button\" download>T\u00e9l\u00e9charger<\/a><\/div>\n\n\n\n<div class=\"wp-block-file\"><a href=\"http:\/\/karabouille.com\/creche\/wp-content\/uploads\/2021\/04\/menu-G-sem-17.pdf\">T\u00e9l\u00e9charger le menu des grands<\/a><a href=\"http:\/\/karabouille.com\/creche\/wp-content\/uploads\/2021\/04\/menu-G-sem-17.pdf\" class=\"wp-block-file__button\" download>T\u00e9l\u00e9charger<\/a><\/div>\n\n\n\n<h2 class=\"wp-block-heading\">Menus de la semaine du 29 mars au 02 avril 2021<\/h2>\n\n\n\n<div class=\"wp-block-file\"><a href=\"http:\/\/karabouille.com\/creche\/wp-content\/uploads\/2021\/03\/Menu-BetM-sem13.pdf\">T\u00e9l\u00e9charger le menu des b\u00e9b\u00e9s et des moyens    <\/a><a href=\"http:\/\/karabouille.com\/creche\/wp-content\/uploads\/2021\/03\/Menu-BetM-sem13.pdf\" class=\"wp-block-file__button\" download>T\u00e9l\u00e9charger<\/a><\/div>\n\n\n\n<div class=\"wp-block-file\"><a href=\"http:\/\/karabouille.com\/creche\/wp-content\/uploads\/2021\/03\/Menu-G-sem-13.pdf\">T\u00e9l\u00e9charger le menu des grands   <\/a><a href=\"http:\/\/karabouille.com\/creche\/wp-content\/uploads\/2021\/03\/Menu-G-sem-13.pdf\" class=\"wp-block-file__button\" download>T\u00e9l\u00e9charger<\/a><\/div>\n\n\n\n<h2 class=\"wp-block-heading\">Menus de la semaine du 22 au 25 mars 2021<\/h2>\n\n\n\n<div class=\"wp-block-file\"><a href=\"http:\/\/karabouille.com\/creche\/wp-content\/uploads\/2021\/03\/MENU-B-et-M-sem-12.pdf\">T\u00e9l\u00e9charger le menu des b\u00e9b\u00e9s et des moyens   <\/a><a href=\"http:\/\/karabouille.com\/creche\/wp-content\/uploads\/2021\/03\/MENU-B-et-M-sem-12.pdf\" class=\"wp-block-file__button\" download>T\u00e9l\u00e9charger<\/a><\/div>\n\n\n\n<div class=\"wp-block-file\"><a href=\"http:\/\/karabouille.com\/creche\/wp-content\/uploads\/2021\/03\/MENU-G-sem-12.pdf\">T\u00e9l\u00e9charger le menu des grands  <\/a><a href=\"http:\/\/karabouille.com\/creche\/wp-content\/uploads\/2021\/03\/MENU-G-sem-12.pdf\" class=\"wp-block-file__button\" download>T\u00e9l\u00e9charger<\/a><\/div>\n\n\n\n<h2 class=\"wp-block-heading\">Menus de la semaine du 15 au 19 mars 2021<\/h2>\n\n\n\n<div class=\"wp-block-file\"><a href=\"http:\/\/karabouille.com\/creche\/wp-content\/uploads\/2021\/03\/MENU-B-et-M-sem-11.pdf\">T\u00e9l\u00e9charger le menu des b\u00e9b\u00e9s et des moyens  <\/a><a href=\"http:\/\/karabouille.com\/creche\/wp-content\/uploads\/2021\/03\/MENU-B-et-M-sem-11.pdf\" class=\"wp-block-file__button\" download>T\u00e9l\u00e9charger<\/a><\/div>\n\n\n\n<div class=\"wp-block-file\"><a href=\"http:\/\/karabouille.com\/creche\/wp-content\/uploads\/2021\/03\/MENU-G-sem-11.pdf\">T\u00e9l\u00e9charger le menu des grands <\/a><a href=\"http:\/\/karabouille.com\/creche\/wp-content\/uploads\/2021\/03\/MENU-G-sem-11.pdf\" class=\"wp-block-file__button\" download>T\u00e9l\u00e9charger<\/a><\/div>\n\n\n\n<h2 class=\"wp-block-heading\">Menus de la semaine du 08 au 12 mars 2021<\/h2>\n\n\n\n<div class=\"wp-block-file\"><a href=\"http:\/\/karabouille.com\/creche\/wp-content\/uploads\/2021\/03\/MENU-sem-10-BM.pdf\">T\u00e9l\u00e9charger le menu des b\u00e9b\u00e9s et des moyens <\/a><a href=\"http:\/\/karabouille.com\/creche\/wp-content\/uploads\/2021\/03\/MENU-sem-10-BM.pdf\" class=\"wp-block-file__button\" download>T\u00e9l\u00e9charger<\/a><\/div>\n\n\n\n<div class=\"wp-block-file\"><a href=\"http:\/\/karabouille.com\/creche\/wp-content\/uploads\/2021\/03\/MENU-sem-10-G.pdf\">T\u00e9l\u00e9charger le menu des grands <\/a><a href=\"http:\/\/karabouille.com\/creche\/wp-content\/uploads\/2021\/03\/MENU-sem-10-G.pdf\" class=\"wp-block-file__button\" download>T\u00e9l\u00e9charger<\/a><\/div>\n\n\n\n<h2 class=\"wp-block-heading\">Menus de la semaine du 01 au 05 mars 2021<\/h2>\n\n\n\n<div class=\"wp-block-file\"><a href=\"http:\/\/karabouille.com\/creche\/wp-content\/uploads\/2021\/03\/MENU-bb-moyen-semaine-9.pdf\">T\u00e9l\u00e9charger le menu des b\u00e9b\u00e9s et des moyens<\/a><a href=\"http:\/\/karabouille.com\/creche\/wp-content\/uploads\/2021\/03\/MENU-bb-moyen-semaine-9.pdf\" class=\"wp-block-file__button\" download>T\u00e9l\u00e9charger<\/a><\/div>\n\n\n\n<div class=\"wp-block-file\"><a href=\"http:\/\/karabouille.com\/creche\/wp-content\/uploads\/2021\/03\/MENU-grand-semaine-9.pdf\">T\u00e9l\u00e9charger le menu des grands<\/a><a href=\"http:\/\/karabouille.com\/creche\/wp-content\/uploads\/2021\/03\/MENU-grand-semaine-9.pdf\" class=\"wp-block-file__button\" download>T\u00e9l\u00e9charger<\/a><\/div>\n\n\n\n<h2 class=\"wp-block-heading\">Menus PAI Mars<\/h2>\n\n\n\n<div class=\"wp-block-file\"><a href=\"http:\/\/karabouille.com\/creche\/wp-content\/uploads\/2021\/03\/SVIANDE-POISSON.pdf\">Menus sans viande sans poisson<\/a><a href=\"http:\/\/karabouille.com\/creche\/wp-content\/uploads\/2021\/03\/SVIANDE-POISSON.pdf\" class=\"wp-block-file__button\" download>T\u00e9l\u00e9charger<\/a><\/div>\n\n\n\n<div class=\"wp-block-file\"><a href=\"http:\/\/karabouille.com\/creche\/wp-content\/uploads\/2021\/03\/SVIANDE-MARS.pdf\">Menus sans viande<\/a><a href=\"http:\/\/karabouille.com\/creche\/wp-content\/uploads\/2021\/03\/SVIANDE-MARS.pdf\" class=\"wp-block-file__button\" download>T\u00e9l\u00e9charger<\/a><\/div>\n\n\n\n<div class=\"wp-block-file\"><a href=\"http:\/\/karabouille.com\/creche\/wp-content\/uploads\/2021\/03\/SGLUTEN-MARS.pdf\">Menus sans gluten<\/a><a href=\"http:\/\/karabouille.com\/creche\/wp-content\/uploads\/2021\/03\/SGLUTEN-MARS.pdf\" class=\"wp-block-file__button\" download>T\u00e9l\u00e9charger<\/a><\/div>\n\n\n\n<div class=\"wp-block-file\"><a href=\"http:\/\/karabouille.com\/creche\/wp-content\/uploads\/2021\/03\/SANS-LAIT-MARS.pdf\">Menus sans lait<\/a><a href=\"http:\/\/karabouille.com\/creche\/wp-content\/uploads\/2021\/03\/SANS-LAIT-MARS.pdf\" class=\"wp-block-file__button\" download>T\u00e9l\u00e9charger<\/a><\/div>\n\n\n\n<figure class=\"wp-block-image\"><img loading=\"lazy\" decoding=\"async\" width=\"1024\" height=\"576\" src=\"http:\/\/karabouille.com\/creche\/wp-content\/uploads\/2021\/03\/Printemps-1024x576.png\" alt=\"\" class=\"wp-image-3288\" srcset=\"http:\/\/karabouille.com\/creche\/wp-content\/uploads\/2021\/03\/Printemps-1024x576.png 1024w, http:\/\/karabouille.com\/creche\/wp-content\/uploads\/2021\/03\/Printemps-300x169.png 300w, http:\/\/karabouille.com\/creche\/wp-content\/uploads\/2021\/03\/Printemps-768x432.png 768w, http:\/\/karabouille.com\/creche\/wp-content\/uploads\/2021\/03\/Printemps.png 1170w\" sizes=\"auto, (max-width: 1024px) 100vw, 1024px\" \/><\/figure>\n","protected":false},"excerpt":{"rendered":"<p>Menus de la semaine du 26 au 30 avril 2021 Menus de la semaine du 29 mars au 02 avril 2021 Menus de la semaine du 22 au 25 mars 2021 Menus de la semaine du 15 au 19 mars 2021 Menus de la semaine du 08 au 12 mars 2021 Menus de la semaine [&hellip;]<\/p>\n","protected":false},"author":1,"featured_media":0,"comment_status":"closed","ping_status":"closed","sticky":false,"template":"","format":"standard","meta":{"jetpack_post_was_ever_published":false,"_jetpack_newsletter_access":"","_jetpack_dont_email_post_to_subs":false,"_jetpack_newsletter_tier_id":0,"footnotes":"","jetpack_publicize_message":"","jetpack_publicize_feature_enabled":true,"jetpack_social_post_already_shared":true,"jetpack_social_options":{"image_generator_settings":{"template":"highway","enabled":false}}},"categories":[3],"tags":[],"class_list":["post-3289","post","type-post","status-publish","format-standard","hentry","category-actus"],"jetpack_publicize_connections":[],"jetpack_featured_media_url":"","jetpack_shortlink":"https:\/\/wp.me\/p1VzF5-R3","jetpack_sharing_enabled":true,"_links":{"self":[{"href":"http:\/\/karabouille.com\/creche\/wp-json\/wp\/v2\/posts\/3289","targetHints":{"allow":["GET"]}}],"collection":[{"href":"http:\/\/karabouille.com\/creche\/wp-json\/wp\/v2\/posts"}],"about":[{"href":"http:\/\/karabouille.com\/creche\/wp-json\/wp\/v2\/types\/post"}],"author":[{"embeddable":true,"href":"http:\/\/karabouille.com\/creche\/wp-json\/wp\/v2\/users\/1"}],"replies":[{"embeddable":true,"href":"http:\/\/karabouille.com\/creche\/wp-json\/wp\/v2\/comments?post=3289"}],"version-history":[{"count":7,"href":"http:\/\/karabouille.com\/creche\/wp-json\/wp\/v2\/posts\/3289\/revisions"}],"predecessor-version":[{"id":3310,"href":"http:\/\/karabouille.com\/creche\/wp-json\/wp\/v2\/posts\/3289\/revisions\/3310"}],"wp:attachment":[{"href":"http:\/\/karabouille.com\/creche\/wp-json\/wp\/v2\/media?parent=3289"}],"wp:term":[{"taxonomy":"category","embeddable":true,"href":"http:\/\/karabouille.com\/creche\/wp-json\/wp\/v2\/categories?post=3289"},{"taxonomy":"post_tag","embeddable":true,"href":"http:\/\/karabouille.com\/creche\/wp-json\/wp\/v2\/tags?post=3289"}],"curies":[{"name":"wp","href":"https:\/\/api.w.org\/{rel}","templated":true}]}}