{"id":3144,"date":"2020-10-02T09:42:31","date_gmt":"2020-10-02T07:42:31","guid":{"rendered":"http:\/\/karabouille.com\/creche\/?p=3144"},"modified":"2020-10-26T22:00:18","modified_gmt":"2020-10-26T20:00:18","slug":"les-menus-du-mois-doctobre","status":"publish","type":"post","link":"http:\/\/karabouille.com\/creche\/les-menus-du-mois-doctobre\/","title":{"rendered":"Les menus du mois d&rsquo;Octobre"},"content":{"rendered":"\n<h2 class=\"wp-block-heading\">Menus de la semaine du 26 au 30 octobre 2020 <\/h2>\n\n\n\n<div class=\"wp-block-file\"><a href=\"http:\/\/karabouille.com\/creche\/wp-content\/uploads\/2020\/10\/MENU-HEBDO-BEBE-SEMAINE-44.pdf\"> T\u00e9l\u00e9charger le menu des b\u00e9b\u00e9s <\/a><a href=\"http:\/\/karabouille.com\/creche\/wp-content\/uploads\/2020\/10\/MENU-HEBDO-BEBE-SEMAINE-44.pdf\" class=\"wp-block-file__button\" download>T\u00e9l\u00e9charger<\/a><\/div>\n\n\n\n<div class=\"wp-block-file\"><a href=\"http:\/\/karabouille.com\/creche\/wp-content\/uploads\/2020\/10\/MENU-HEBDO-MOYEN-SEMAINE-44.pdf\">T\u00e9l\u00e9charger le menu des moyens <\/a><a href=\"http:\/\/karabouille.com\/creche\/wp-content\/uploads\/2020\/10\/MENU-HEBDO-MOYEN-SEMAINE-44.pdf\" class=\"wp-block-file__button\" download>T\u00e9l\u00e9charger<\/a><\/div>\n\n\n\n<div class=\"wp-block-file\"><a href=\"http:\/\/karabouille.com\/creche\/wp-content\/uploads\/2020\/10\/MENU-HEBDO-GRAND-SEMAINE-44.pdf\"> T\u00e9l\u00e9charger le menu des grands <\/a><a href=\"http:\/\/karabouille.com\/creche\/wp-content\/uploads\/2020\/10\/MENU-HEBDO-GRAND-SEMAINE-44.pdf\" class=\"wp-block-file__button\" download>T\u00e9l\u00e9charger<\/a><\/div>\n\n\n\n<h2 class=\"wp-block-heading\">Menus de la semaine du 19 au 23 octobre 2020<\/h2>\n\n\n\n<div class=\"wp-block-file\"><a href=\"http:\/\/karabouille.com\/creche\/wp-content\/uploads\/2020\/10\/MENU-HEBDO-BEBE-SEMAINE-43.pdf\"> T\u00e9l\u00e9charger le menu des b\u00e9b\u00e9s <\/a><a href=\"http:\/\/karabouille.com\/creche\/wp-content\/uploads\/2020\/10\/MENU-HEBDO-BEBE-SEMAINE-43.pdf\" class=\"wp-block-file__button\" download>T\u00e9l\u00e9charger<\/a><\/div>\n\n\n\n<div class=\"wp-block-file\"><a href=\"http:\/\/karabouille.com\/creche\/wp-content\/uploads\/2020\/10\/MENU-HEBDO-MOYEN-SEMAINE-43.pdf\"> T\u00e9l\u00e9charger le menu des moyens <\/a><a href=\"http:\/\/karabouille.com\/creche\/wp-content\/uploads\/2020\/10\/MENU-HEBDO-MOYEN-SEMAINE-43.pdf\" class=\"wp-block-file__button\" download>T\u00e9l\u00e9charger<\/a><\/div>\n\n\n\n<div class=\"wp-block-file\"><a href=\"http:\/\/karabouille.com\/creche\/wp-content\/uploads\/2020\/10\/MENU-HEBDO-GRAND-SEMAINE-43.pdf\"> T\u00e9l\u00e9charger le menu des grands <\/a><a href=\"http:\/\/karabouille.com\/creche\/wp-content\/uploads\/2020\/10\/MENU-HEBDO-GRAND-SEMAINE-43.pdf\" class=\"wp-block-file__button\" download>T\u00e9l\u00e9charger<\/a><\/div>\n\n\n\n<h2 class=\"wp-block-heading\">Menus de la semaine du 12 au 16 octobre 2020<\/h2>\n\n\n\n<div class=\"wp-block-file\"><a href=\"http:\/\/karabouille.com\/creche\/wp-content\/uploads\/2020\/10\/MENU-HEBDO-BEBE-SEMAINE-42.pdf\">T\u00e9l\u00e9charger le menu des b\u00e9b\u00e9s<\/a><a href=\"http:\/\/karabouille.com\/creche\/wp-content\/uploads\/2020\/10\/MENU-HEBDO-BEBE-SEMAINE-42.pdf\" class=\"wp-block-file__button\" download>T\u00e9l\u00e9charger<\/a><\/div>\n\n\n\n<div class=\"wp-block-file\"><a href=\"http:\/\/karabouille.com\/creche\/wp-content\/uploads\/2020\/10\/MENU-HEBDO-MOYEN-SEMAINE-42.pdf\">T\u00e9l\u00e9charger le menu des moyens<\/a><a href=\"http:\/\/karabouille.com\/creche\/wp-content\/uploads\/2020\/10\/MENU-HEBDO-MOYEN-SEMAINE-42.pdf\" class=\"wp-block-file__button\" download>T\u00e9l\u00e9charger<\/a><\/div>\n\n\n\n<div class=\"wp-block-file\"><a href=\"http:\/\/karabouille.com\/creche\/wp-content\/uploads\/2020\/10\/MENU-HEBDO-GRAND-SEMAINE-42.pdf\">T\u00e9l\u00e9charger le menu des grands<\/a><a href=\"http:\/\/karabouille.com\/creche\/wp-content\/uploads\/2020\/10\/MENU-HEBDO-GRAND-SEMAINE-42.pdf\" class=\"wp-block-file__button\" download>T\u00e9l\u00e9charger<\/a><\/div>\n\n\n\n<h2 class=\"wp-block-heading\">Menus de la semaine du 5 au 9 octobre 2020<\/h2>\n\n\n\n<div class=\"wp-block-file\"><a href=\"http:\/\/karabouille.com\/creche\/wp-content\/uploads\/2020\/10\/MENU-HEBDO-BEBE-SEMAINE-37.pdf\">T\u00e9l\u00e9charger le menu des b\u00e9b\u00e9s<\/a><\/div>\n\n\n\n<div class=\"wp-block-file\"><a href=\"http:\/\/karabouille.com\/creche\/wp-content\/uploads\/2020\/10\/MENU-HEBDO-MOYEN-SEMAINE-37.pdf\">T\u00e9l\u00e9charger le menu des moyens<\/a><\/div>\n\n\n\n<div class=\"wp-block-file\"><a href=\"http:\/\/karabouille.com\/creche\/wp-content\/uploads\/2020\/10\/MENU-HEBDO-GRAND-SEMAINE-37.pdf\">T\u00e9l\u00e9charger le menu des grands<\/a><\/div>\n\n\n\n<h2 class=\"wp-block-heading\">Menus PAI Octobre 2020<\/h2>\n\n\n\n<div class=\"wp-block-file\"><a href=\"http:\/\/karabouille.com\/creche\/wp-content\/uploads\/2020\/10\/MENU-PAI-CRECHE-GRANDS-SANS-OEUF-ET-SANS-CELERI-OCTOBRE-2020.pdf\"> T\u00e9l\u00e9charger le menu PAI sans \u0153ufs et sans c\u00e9leri<\/a><a href=\"http:\/\/karabouille.com\/creche\/wp-content\/uploads\/2020\/10\/MENU-PAI-CRECHE-GRANDS-SANS-OEUF-ET-SANS-CELERI-OCTOBRE-2020.pdf\" class=\"wp-block-file__button\" download>T\u00e9l\u00e9charger<\/a><\/div>\n\n\n\n<div class=\"wp-block-file\"><a href=\"http:\/\/karabouille.com\/creche\/wp-content\/uploads\/2020\/10\/MENU-PAI-CRECHE-GRANDS-SANS-LAIT-OCTOBRE-2020.pdf\"> T\u00e9l\u00e9charger le menu PAI sans lait<\/a><a href=\"http:\/\/karabouille.com\/creche\/wp-content\/uploads\/2020\/10\/MENU-PAI-CRECHE-GRANDS-SANS-LAIT-OCTOBRE-2020.pdf\" class=\"wp-block-file__button\" download>T\u00e9l\u00e9charger<\/a><\/div>\n\n\n\n<div class=\"wp-block-file\"><a href=\"http:\/\/karabouille.com\/creche\/wp-content\/uploads\/2020\/10\/MENU-PAI-CRECHE-GRANDS-SANS-LAIT-ET-SANS-GLUTEN-OCTOBRE-2020.pdf\"> T\u00e9l\u00e9charger le menu PAI sans lait et sans gluten<\/a><a href=\"http:\/\/karabouille.com\/creche\/wp-content\/uploads\/2020\/10\/MENU-PAI-CRECHE-GRANDS-SANS-LAIT-ET-SANS-GLUTEN-OCTOBRE-2020.pdf\" class=\"wp-block-file__button\" download>T\u00e9l\u00e9charger<\/a><\/div>\n\n\n\n<figure class=\"wp-block-image\"><img loading=\"lazy\" decoding=\"async\" width=\"1024\" height=\"683\" src=\"http:\/\/karabouille.com\/creche\/wp-content\/uploads\/2020\/10\/22773-1024x683.jpg\" alt=\"\" class=\"wp-image-3139\"\/><\/figure>\n","protected":false},"excerpt":{"rendered":"<p>Menus de la semaine du 26 au 30 octobre 2020 Menus de la semaine du 19 au 23 octobre 2020 Menus de la semaine du 12 au 16 octobre 2020 Menus de la semaine du 5 au 9 octobre 2020 Menus PAI Octobre 2020<\/p>\n","protected":false},"author":1,"featured_media":0,"comment_status":"closed","ping_status":"closed","sticky":false,"template":"","format":"standard","meta":{"jetpack_post_was_ever_published":false,"_jetpack_newsletter_access":"","_jetpack_dont_email_post_to_subs":false,"_jetpack_newsletter_tier_id":0,"footnotes":"","jetpack_publicize_message":"","jetpack_publicize_feature_enabled":true,"jetpack_social_post_already_shared":true,"jetpack_social_options":{"image_generator_settings":{"template":"highway","enabled":false}}},"categories":[3],"tags":[],"class_list":["post-3144","post","type-post","status-publish","format-standard","hentry","category-actus"],"jetpack_publicize_connections":[],"jetpack_featured_media_url":"","jetpack_shortlink":"https:\/\/wp.me\/p1VzF5-OI","jetpack_sharing_enabled":true,"_links":{"self":[{"href":"http:\/\/karabouille.com\/creche\/wp-json\/wp\/v2\/posts\/3144","targetHints":{"allow":["GET"]}}],"collection":[{"href":"http:\/\/karabouille.com\/creche\/wp-json\/wp\/v2\/posts"}],"about":[{"href":"http:\/\/karabouille.com\/creche\/wp-json\/wp\/v2\/types\/post"}],"author":[{"embeddable":true,"href":"http:\/\/karabouille.com\/creche\/wp-json\/wp\/v2\/users\/1"}],"replies":[{"embeddable":true,"href":"http:\/\/karabouille.com\/creche\/wp-json\/wp\/v2\/comments?post=3144"}],"version-history":[{"count":6,"href":"http:\/\/karabouille.com\/creche\/wp-json\/wp\/v2\/posts\/3144\/revisions"}],"predecessor-version":[{"id":3166,"href":"http:\/\/karabouille.com\/creche\/wp-json\/wp\/v2\/posts\/3144\/revisions\/3166"}],"wp:attachment":[{"href":"http:\/\/karabouille.com\/creche\/wp-json\/wp\/v2\/media?parent=3144"}],"wp:term":[{"taxonomy":"category","embeddable":true,"href":"http:\/\/karabouille.com\/creche\/wp-json\/wp\/v2\/categories?post=3144"},{"taxonomy":"post_tag","embeddable":true,"href":"http:\/\/karabouille.com\/creche\/wp-json\/wp\/v2\/tags?post=3144"}],"curies":[{"name":"wp","href":"https:\/\/api.w.org\/{rel}","templated":true}]}}