{"id":2614,"date":"2018-09-25T09:28:15","date_gmt":"2018-09-25T07:28:15","guid":{"rendered":"http:\/\/karabouille.com\/creche\/?p=2614"},"modified":"2018-10-24T09:06:03","modified_gmt":"2018-10-24T07:06:03","slug":"les-menus-du-mois-doctobre-sont-en-ligne-2","status":"publish","type":"post","link":"http:\/\/karabouille.com\/creche\/les-menus-du-mois-doctobre-sont-en-ligne-2\/","title":{"rendered":"Les menus du mois d&rsquo;octobre sont en ligne"},"content":{"rendered":"<p>Retrouvez ci-dessous le menu mensuel pour les b\u00e9b\u00e9s et moyens :<\/p>\n<p><a href=\"http:\/\/karabouille.com\/creche\/wp-content\/uploads\/2018\/08\/MENU-MENSUEL-BEBES-MOYENS-SEPTEMBRE-2018.pdf\" target=\"_blank\">T\u00e9l\u00e9charger les menus mix\u00e9s des b\u00e9b\u00e9s et moyens \u2013 octobre 2018<\/a><\/p>\n<p>Pour consulter les allerg\u00e8nes, d\u00e9couvrez les menus hebdomadaires d\u00e9taill\u00e9s\u00a0(mis \u00e0 jour chaque semaine)\u00a0:<\/p>\n<p><a href=\"http:\/\/karabouille.com\/creche\/wp-content\/uploads\/2018\/09\/MENU-HEBDO-BEBES-SEMAINE-40-ET-41.pdf\" target=\"_blank\">Menus des b\u00e9b\u00e9s\u00a0&#8211; Semaine du 1er au 5\u00a0octobre 2018<\/a><br \/>\n<a href=\"http:\/\/karabouille.com\/creche\/wp-content\/uploads\/2018\/09\/MENU-HEBDO-MOYENS-SEMAINE-40-ET-41.pdf\" target=\"_blank\">Menus des moyens\u00a0&#8211; Semaine du 1er au 5\u00a0octobre\u00a02018<\/a><\/p>\n<p><a href=\"http:\/\/karabouille.com\/creche\/wp-content\/uploads\/2018\/10\/MENU-HEBDO-BEBES-SEMAINE-42-ET-43.pdf\" target=\"_blank\">Menus des b\u00e9b\u00e9s\u00a0&#8211; Semaines du 15 au 26 octobre 2018<\/a>\u00a0(2 pages)<br \/>\n<a href=\"http:\/\/karabouille.com\/creche\/wp-content\/uploads\/2018\/10\/MENU-HEBDO-MOYENS-SEMAINE-42-ET-43.pdf\" target=\"_blank\">Menus des moyens\u00a0&#8211; Semaine du 15 au 26 octobre\u00a02018<\/a>\u00a0(2 pages)<\/p>\n<p><a href=\"http:\/\/karabouille.com\/creche\/wp-content\/uploads\/2018\/10\/MENU-HEBDO-BEBES-SEMAINE-44.pdf\" target=\"_blank\">Menus des b\u00e9b\u00e9s\u00a0&#8211; Semaine du 29 octobre au\u00a02 novembre 2018<\/a><br \/>\n<a href=\"http:\/\/karabouille.com\/creche\/wp-content\/uploads\/2018\/10\/MENU-HEBDO-MOYENS-SEMAINE-44.pdf\" target=\"_blank\">Menus des moyens\u00a0&#8211; Semaine du\u00a029 octobre au 2 novembre\u00a02018<\/a><\/p>\n<p><a href=\"http:\/\/karabouille.com\/creche\/wp-content\/uploads\/2016\/09\/halloween2016.jpg\" rel=\"lightbox[2614]\"><img loading=\"lazy\" decoding=\"async\" class=\" wp-image-2072\" src=\"http:\/\/karabouille.com\/creche\/wp-content\/uploads\/2016\/09\/halloween2016.jpg\" alt=\"Autumn Baby Pumpkin. Little Kid Artistic Portrait In Children Woolen Hat\" width=\"691\" height=\"442\" srcset=\"http:\/\/karabouille.com\/creche\/wp-content\/uploads\/2016\/09\/halloween2016.jpg 739w, http:\/\/karabouille.com\/creche\/wp-content\/uploads\/2016\/09\/halloween2016-300x192.jpg 300w\" sizes=\"auto, (max-width: 691px) 100vw, 691px\" \/><\/a><\/p>\n<p>Et voici le menu mensuel pour les grands :<\/p>\n<p><a href=\"http:\/\/karabouille.com\/creche\/wp-content\/uploads\/2018\/09\/MENU-MENSUEL-GRANDS-OCTOBRE-2018.pdf\" target=\"_blank\">T\u00e9l\u00e9charger les menus des grands \u2013\u00a0octobre 2018<\/a><\/p>\n<p>Pour consulter les allerg\u00e8nes, d\u00e9couvrez les menus hebdomadaires d\u00e9taill\u00e9s (mis \u00e0 jour chaque semaine) :<\/p>\n<p><a href=\"http:\/\/karabouille.com\/creche\/wp-content\/uploads\/2018\/10\/MENU-HEBDO-GRANDS-SEMAINE-42-ET-43.pdf\" target=\"_blank\">Menus des\u00a0grands\u00a0&#8211; Semaine du\u00a01er au 5 octobre 2018<\/a><\/p>\n<p><a href=\"http:\/\/karabouille.com\/creche\/wp-content\/uploads\/2018\/09\/MENU-HEBDO-GRANDS-SEMAINE-40-ET-41.pdf\" target=\"_blank\">Menus des\u00a0grands\u00a0&#8211; Semaine du 15 au 26 octobre 2018<\/a>\u00a0(2 pages)<\/p>\n<p><a href=\"http:\/\/karabouille.com\/creche\/wp-content\/uploads\/2018\/10\/MENU-HEBDO-GRANDS-SEMAINE-44.pdf\" target=\"_blank\">Menus des\u00a0grands\u00a0&#8211; Semaine du\u00a029 octobre au 2 novembre 2018<\/a><\/p>\n<p>Et&#8230; bon app\u00e9tit bien s\u00fbr !<\/p>\n","protected":false},"excerpt":{"rendered":"<p>Retrouvez ci-dessous le menu mensuel pour les b\u00e9b\u00e9s et moyens : T\u00e9l\u00e9charger les menus mix\u00e9s des b\u00e9b\u00e9s et moyens \u2013 octobre 2018 Pour consulter les allerg\u00e8nes, d\u00e9couvrez les menus hebdomadaires d\u00e9taill\u00e9s\u00a0(mis \u00e0 jour chaque semaine)\u00a0: Menus des b\u00e9b\u00e9s\u00a0&#8211; Semaine du 1er au 5\u00a0octobre 2018 Menus des moyens\u00a0&#8211; Semaine du 1er au 5\u00a0octobre\u00a02018 Menus des b\u00e9b\u00e9s\u00a0&#8211; [&hellip;]<\/p>\n","protected":false},"author":1,"featured_media":0,"comment_status":"closed","ping_status":"closed","sticky":false,"template":"","format":"standard","meta":{"jetpack_post_was_ever_published":false,"_jetpack_newsletter_access":"","_jetpack_dont_email_post_to_subs":false,"_jetpack_newsletter_tier_id":0,"footnotes":"","jetpack_publicize_message":"","jetpack_publicize_feature_enabled":true,"jetpack_social_post_already_shared":true,"jetpack_social_options":{"image_generator_settings":{"template":"highway","enabled":false}}},"categories":[3],"tags":[],"class_list":["post-2614","post","type-post","status-publish","format-standard","hentry","category-actus"],"jetpack_publicize_connections":[],"jetpack_featured_media_url":"","jetpack_shortlink":"https:\/\/wp.me\/p1VzF5-Ga","jetpack_sharing_enabled":true,"_links":{"self":[{"href":"http:\/\/karabouille.com\/creche\/wp-json\/wp\/v2\/posts\/2614","targetHints":{"allow":["GET"]}}],"collection":[{"href":"http:\/\/karabouille.com\/creche\/wp-json\/wp\/v2\/posts"}],"about":[{"href":"http:\/\/karabouille.com\/creche\/wp-json\/wp\/v2\/types\/post"}],"author":[{"embeddable":true,"href":"http:\/\/karabouille.com\/creche\/wp-json\/wp\/v2\/users\/1"}],"replies":[{"embeddable":true,"href":"http:\/\/karabouille.com\/creche\/wp-json\/wp\/v2\/comments?post=2614"}],"version-history":[{"count":6,"href":"http:\/\/karabouille.com\/creche\/wp-json\/wp\/v2\/posts\/2614\/revisions"}],"predecessor-version":[{"id":2641,"href":"http:\/\/karabouille.com\/creche\/wp-json\/wp\/v2\/posts\/2614\/revisions\/2641"}],"wp:attachment":[{"href":"http:\/\/karabouille.com\/creche\/wp-json\/wp\/v2\/media?parent=2614"}],"wp:term":[{"taxonomy":"category","embeddable":true,"href":"http:\/\/karabouille.com\/creche\/wp-json\/wp\/v2\/categories?post=2614"},{"taxonomy":"post_tag","embeddable":true,"href":"http:\/\/karabouille.com\/creche\/wp-json\/wp\/v2\/tags?post=2614"}],"curies":[{"name":"wp","href":"https:\/\/api.w.org\/{rel}","templated":true}]}}